{"id":9425,"date":"2020-11-06T03:32:12","date_gmt":"2020-11-06T01:32:12","guid":{"rendered":"http:\/\/www.rkropisto.fi\/?p=9425"},"modified":"2022-01-04T20:51:24","modified_gmt":"2022-01-04T18:51:24","slug":"viikko-45-mukavaa-opistoarkea","status":"publish","type":"blogi","link":"https:\/\/www.rkropisto.fi\/en\/blogi\/viikko-45-mukavaa-opistoarkea\/","title":{"rendered":"viikko 45: Mukavaa opistoarkea"},"content":{"rendered":"<p><span style=\"font-weight: 400\">Me Simon ja Moona aloitimme uusina is\u00e4nt\u00e4n\u00e4 ja em\u00e4nt\u00e4n\u00e4 sunnuntaina, Joosen ja Minean opastuksella. Sunnuntaina oli Venlan ja ilmaisutaidon ryhm\u00e4n pit\u00e4m\u00e4 teemap\u00e4iv\u00e4 aiheesta tunne- ja turvataidot. P\u00e4iv\u00e4 oli monen mielest\u00e4 todella mielenkiintoinen. Erityisesti opistolaisia miellytti se, ett\u00e4 opiskelijat oli jaettu ryhmiin niin, ett\u00e4 kaikki porukat oli sekoitettu kesken\u00e4\u00e4n.\u00a0 P\u00e4iv\u00e4\u00e4n kuului Venlan esitys ja erilaisia pisteit\u00e4 aiheen sis\u00e4lt\u00e4. P\u00e4iv\u00e4st\u00e4 tyk\u00e4ttiin todella paljon my\u00f6s erityisesti siksi, koska edellinen pyh\u00e4inp\u00e4iv\u00e4 oli todella tunnerikas p\u00e4iv\u00e4. Sunnuntaina pidimme my\u00f6s lauluseurat opiston v\u00e4ell\u00e4.\u00a0<\/span><\/p>\n<p><span style=\"font-weight: 400\">Maanantaina saimme aloittaa uuden viikon. Arki jatkui j\u00e4lleen t\u00e4\u00e4ll\u00e4 R\u00e4is\u00e4l\u00e4nm\u00e4ell\u00e4. Illalla k\u00e4llit j\u00e4rjesti koko muulle opistolle todella onnistuneen pitsaillan. Lis\u00e4ksi t\u00e4\u00e4ll\u00e4 oli sekas\u00e4hly.\u00a0 Saimme maanantaina my\u00f6s arvailla Stillien lapsuudenkuvia sein\u00e4lt\u00e4, ja kisan voitti se, kuka osasi yhdist\u00e4\u00e4 oikeat henkil\u00f6t ja lapsuuskuvat.<\/span><\/p>\n<p><img loading=\"lazy\" decoding=\"async\" class=\"alignnone size-large wp-image-9430\" src=\"http:\/\/rkropisto.fi.upcloud.rkropisto.fi\/wp-content\/uploads\/2022\/01\/WhatsApp-Image-2020-11-06-at-03.10.43-473x630.jpg\" alt=\"\" width=\"473\" height=\"630\" \/><\/p>\n<p><span style=\"font-weight: 400\">Tiistaina oli aika vilkas p\u00e4iv\u00e4. Iltaan sis\u00e4ltyi muun muassa hiusten leikkaamista ja lentopalloa, kun pari poikaa innostui leikkaamaan hiuksensa siiliksi.\u00a0<\/span><\/p>\n<p><span style=\"font-weight: 400\">Keskiviikkona meill\u00e4 oli stillien ja ellien j\u00e4rjest\u00e4m\u00e4 Vanhan ajan p\u00e4iv\u00e4. Pukeuduimme opiston voimin vanhan ajan vaatteisiin. Iltap\u00e4iv\u00e4ll\u00e4 Valtterin avustuksella stillit ja ellit j\u00e4rjestiv\u00e4t melkoisen yll\u00e4tysohjelman, jossa julkistettiin my\u00f6s eniten lapsuuskuvia arvannut. Keskiviikkoiltana opistolla oli seurat, jotka l\u00e4hetettiin suoratoistona Youtubeen.<\/span><\/p>\n<p><span style=\"font-weight: 400\"><img loading=\"lazy\" decoding=\"async\" class=\"alignnone size-large wp-image-9426\" src=\"http:\/\/rkropisto.fi.upcloud.rkropisto.fi\/wp-content\/uploads\/2022\/01\/IMG_20201104_132008-630x473.jpg\" alt=\"\" width=\"630\" height=\"473\" \/><\/span><\/p>\n<p><span style=\"font-weight: 400\">Torstaina oli j\u00e4lleen ta<\/span>vallinen p\u00e4iv\u00e4, illalla saimme seurata poikien salibandya. N\u00e4in l\u00e4ht\u00f6p\u00e4iv\u00e4n\u00e4 yhdyimme kaikki laulamaan hartaita ja kauniita joululauluja yl\u00e4aulaan kynttil\u00f6iden valossa.<\/p>\n<p><img loading=\"lazy\" decoding=\"async\" class=\"alignnone size-large wp-image-9428\" src=\"http:\/\/rkropisto.fi.upcloud.rkropisto.fi\/wp-content\/uploads\/2022\/01\/WhatsApp-Image-2020-11-06-at-03.10.43-1-473x630.jpg\" alt=\"\" width=\"473\" height=\"630\" \/><\/p>\n<p><span style=\"font-weight: 400\">Me is\u00e4nt\u00e4n\u00e4 ja em\u00e4nt\u00e4n\u00e4 olemme nauttineet t\u00e4st\u00e4 viikosta todella, olemme huomanneet, ett\u00e4 liikunta ja musisoiminen yhdist\u00e4\u00e4 meit\u00e4 kaikkia aikalailla. T\u00e4\u00e4ll\u00e4 R\u00e4is\u00e4l\u00e4nm\u00e4ell\u00e4 erityisesti opistolla on todella huippua porukkaa. On ollut mahtava mahdollisuus olla is\u00e4nt\u00e4n\u00e4 ja em\u00e4nt\u00e4n\u00e4.<\/span><\/p>\n<p><span style=\"font-weight: 400\">Moona ja Simon<\/span><\/p>\n","protected":false},"excerpt":{"rendered":"<p>Me Simon ja Moona aloitimme uusina is\u00e4nt\u00e4n\u00e4 ja em\u00e4nt\u00e4n\u00e4 sunnuntaina, Joosen ja Minean opastuksella. Sunnuntaina oli Venlan ja ilmaisutaidon ryhm\u00e4n pit\u00e4m\u00e4 teemap\u00e4iv\u00e4 aiheesta tunne- ja turvataidot. P\u00e4iv\u00e4 oli monen mielest\u00e4 todella mielenkiintoinen. Erityisesti opistolaisia miellytti se, ett\u00e4 opiskelijat oli jaettu ryhmiin niin, ett\u00e4 kaikki porukat oli sekoitettu kesken\u00e4\u00e4n.\u00a0 P\u00e4iv\u00e4\u00e4n kuului Venlan esitys ja erilaisia pisteit\u00e4 [&hellip;]<\/p>\n","protected":false},"featured_media":9906,"template":"","class_list":["post-9425","blogi","type-blogi","status-publish","has-post-thumbnail","hentry"],"_links":{"self":[{"href":"https:\/\/www.rkropisto.fi\/en\/wp-json\/wp\/v2\/blogi\/9425","targetHints":{"allow":["GET"]}}],"collection":[{"href":"https:\/\/www.rkropisto.fi\/en\/wp-json\/wp\/v2\/blogi"}],"about":[{"href":"https:\/\/www.rkropisto.fi\/en\/wp-json\/wp\/v2\/types\/blogi"}],"wp:featuredmedia":[{"embeddable":true,"href":"https:\/\/www.rkropisto.fi\/en\/wp-json\/wp\/v2\/media\/9906"}],"wp:attachment":[{"href":"https:\/\/www.rkropisto.fi\/en\/wp-json\/wp\/v2\/media?parent=9425"}],"curies":[{"name":"wp","href":"https:\/\/api.w.org\/{rel}","templated":true}]}}