{"id":8862,"date":"2019-11-07T23:50:22","date_gmt":"2019-11-07T21:50:22","guid":{"rendered":"http:\/\/www.rkropisto.fi\/?p=8862"},"modified":"2022-01-04T20:51:27","modified_gmt":"2022-01-04T18:51:27","slug":"talvi-on-tullut-raisalanmaelle-viikko-45","status":"publish","type":"blogi","link":"https:\/\/www.rkropisto.fi\/en\/blogi\/talvi-on-tullut-raisalanmaelle-viikko-45\/","title":{"rendered":"Talvi on tullut R\u00e4is\u00e4l\u00e4nm\u00e4elle: viikko 45"},"content":{"rendered":"<p><span style=\"font-weight: 400\">Sunnuntaina vietimme itsetuntop\u00e4iv\u00e4\u00e4. P\u00e4iv\u00e4 alkoi Jompen mielenkiintoisella luennolla teemap\u00e4iv\u00e4mme aiheeseen liittyen. Katsoimme videoita itsetuntoon liittyen ja moni sai varmasti ajattelemisen aihetta. Aihe on t\u00e4rke\u00e4 ja siit\u00e4 on t\u00e4rke\u00e4 puhua. Sunnuntaip\u00e4iv\u00e4 yritettiin olla ilman puhelimia, jotkut onnistuivat ja jotkut eiv\u00e4t. Parasta p\u00e4iv\u00e4ss\u00e4 oli, kun kirjoitimme itsellemme kirjeet mitk\u00e4 avaamme opistovuoden lopulla.<\/span><\/p>\n<p><span style=\"font-weight: 400\">Maanantaina vietimme k\u00e4llien pitsailtaa. K\u00e4llit ahersivat monta tuntia pitsoja tehden ja kaikki saivat varmasti vatsansa t\u00e4yteen. Stillit pitiv\u00e4t maanantaina p\u00e4iv\u00e4kerhon Reisj\u00e4rvisille lapsille.<\/span><\/p>\n<p><img loading=\"lazy\" decoding=\"async\" class=\"size-large wp-image-8883\" src=\"http:\/\/rkropisto.fi.upcloud.rkropisto.fi\/wp-content\/uploads\/2022\/01\/2019-11-05-11.23.30-2-473x630.jpg\" alt=\"\" width=\"473\" height=\"630\" \/><\/p>\n<p><img loading=\"lazy\" decoding=\"async\" class=\"alignnone size-large wp-image-8879\" src=\"http:\/\/rkropisto.fi.upcloud.rkropisto.fi\/wp-content\/uploads\/2022\/01\/IMG_20191103_185450-630x473.jpg\" alt=\"\" width=\"630\" height=\"473\" \/><\/p>\n<p><span style=\"font-weight: 400\">Viikko on rullannut mukavasti ja ulkoj\u00e4ill\u00e4 uskalsi alkaa turvallisesti pelaamaan j\u00e4\u00e4kiekkoa. Talvi on n\u00e4ytt\u00e4nyt parhaimmat puolensa ja on ollut ihana viett\u00e4\u00e4 aikaa ulkona. Stillit k\u00e4vi keskiviikkona tutustumassa Ylivieskan sosiaali-ja terveysalaan ja olivat niin innoissaan K\u00e4rkk\u00e4iselle p\u00e4\u00e4syst\u00e4, ett\u00e4 unohtivat opistolaisen bussista. Lopulta kaikki meni kuitenkin hyvin ja opistolle palattiin herkkujen sek\u00e4 leve\u00e4n hymyn kanssa.\u00a0<\/span><\/p>\n<p><img loading=\"lazy\" decoding=\"async\" class=\"alignnone size-large wp-image-8852\" src=\"http:\/\/rkropisto.fi.upcloud.rkropisto.fi\/wp-content\/uploads\/2022\/01\/Jakista-1-630x420.jpg\" alt=\"\" width=\"630\" height=\"420\" \/><\/p>\n<p><img loading=\"lazy\" decoding=\"async\" class=\"alignnone wp-image-8866 size-large\" src=\"http:\/\/rkropisto.fi.upcloud.rkropisto.fi\/wp-content\/uploads\/2022\/01\/IMG_8531-e1573163284916-420x630.jpg\" alt=\"\" width=\"420\" height=\"630\" \/>\u00a0<img loading=\"lazy\" decoding=\"async\" class=\"alignnone wp-image-8864 size-large\" src=\"http:\/\/rkropisto.fi.upcloud.rkropisto.fi\/wp-content\/uploads\/2022\/01\/IMG_8628-e1573163326721-420x630.jpg\" alt=\"\" width=\"420\" height=\"630\" \/><\/p>\n<p><span style=\"font-weight: 400\">Torstaina vietimme teknisen lautakunnan ohjelmailtaa. Ohjelmaan kuului Kahoot, laulamista sek\u00e4 tarina Heid\u00e4n kanssaan kulje- kirjasta.<\/span><\/p>\n<p><span style=\"font-weight: 400\">Viikko on rullannut mallikkaasti. K\u00e4rrysauna on tuottanut iloa monelle k\u00e4mp\u00e4lle, muutama koipi on nyrj\u00e4ytetty, on puhuttu t\u00e4rkeist\u00e4 asioista ja naurettu. Monen mielest\u00e4 etenkin syysloman j\u00e4lkeinen ilmapiiri on ollut mahtava ja opistossa on ollut entist\u00e4 helpompi olla.<\/span><\/p>\n<p><img loading=\"lazy\" decoding=\"async\" class=\"alignnone size-large wp-image-8847\" src=\"http:\/\/rkropisto.fi.upcloud.rkropisto.fi\/wp-content\/uploads\/2022\/01\/Talvikuva-jaalta-630x420.jpg\" alt=\"\" width=\"630\" height=\"420\" \/><\/p>\n<p><span style=\"font-weight: 400\">\u00a0On ollut mukava viikko is\u00e4nt\u00e4n\u00e4 ja em\u00e4nt\u00e4n\u00e4 ja mukavinta oli k\u00e4mpiss\u00e4 kiert\u00e4minen.\u00a0<\/span><\/p>\n<p><span style=\"font-weight: 400\">Terveisin Lovviisa ja Tommi<\/span><\/p>\n","protected":false},"excerpt":{"rendered":"<p>Sunnuntaina vietimme itsetuntop\u00e4iv\u00e4\u00e4. P\u00e4iv\u00e4 alkoi Jompen mielenkiintoisella luennolla teemap\u00e4iv\u00e4mme aiheeseen liittyen. Katsoimme videoita itsetuntoon liittyen ja moni sai varmasti ajattelemisen aihetta. Aihe on t\u00e4rke\u00e4 ja siit\u00e4 on t\u00e4rke\u00e4 puhua. Sunnuntaip\u00e4iv\u00e4 yritettiin olla ilman puhelimia, jotkut onnistuivat ja jotkut eiv\u00e4t. Parasta p\u00e4iv\u00e4ss\u00e4 oli, kun kirjoitimme itsellemme kirjeet mitk\u00e4 avaamme opistovuoden lopulla. Maanantaina vietimme k\u00e4llien pitsailtaa. K\u00e4llit [&hellip;]<\/p>\n","protected":false},"featured_media":10245,"template":"","class_list":["post-8862","blogi","type-blogi","status-publish","has-post-thumbnail","hentry"],"_links":{"self":[{"href":"https:\/\/www.rkropisto.fi\/en\/wp-json\/wp\/v2\/blogi\/8862","targetHints":{"allow":["GET"]}}],"collection":[{"href":"https:\/\/www.rkropisto.fi\/en\/wp-json\/wp\/v2\/blogi"}],"about":[{"href":"https:\/\/www.rkropisto.fi\/en\/wp-json\/wp\/v2\/types\/blogi"}],"wp:featuredmedia":[{"embeddable":true,"href":"https:\/\/www.rkropisto.fi\/en\/wp-json\/wp\/v2\/media\/10245"}],"wp:attachment":[{"href":"https:\/\/www.rkropisto.fi\/en\/wp-json\/wp\/v2\/media?parent=8862"}],"curies":[{"name":"wp","href":"https:\/\/api.w.org\/{rel}","templated":true}]}}