{"id":8737,"date":"2019-09-13T00:53:20","date_gmt":"2019-09-12T21:53:20","guid":{"rendered":"http:\/\/www.rkropisto.fi\/?p=8737"},"modified":"2022-01-04T20:51:29","modified_gmt":"2022-01-04T18:51:29","slug":"lukuvuoden-ensimmaiset-viikot-lupaava-alku","status":"publish","type":"blogi","link":"https:\/\/www.rkropisto.fi\/en\/blogi\/lukuvuoden-ensimmaiset-viikot-lupaava-alku\/","title":{"rendered":"Lukuvuoden ensimm\u00e4iset viikot- lupaava alku!"},"content":{"rendered":"<p><span style=\"font-weight: 400\">Ensimm\u00e4inen opistoblogi t\u00e4lle vuodelle. Ihan hullua olla t\u00e4\u00e4ll\u00e4! Nyt on tosiaan menossa toinen opistoviikko, ja t\u00e4ss\u00e4 ajassa on ehtinyt tapahtua jo ihan \u00e4lytt\u00f6m\u00e4sti kaikenlaista: ollaan tutustuttu ihaniin uusiin ihmisiin, k\u00e4yty alkuvaelluksella, alotettu eka lukuj\u00e4rjestyksen mukainen viikko, naurettu, saunottu, kyl\u00e4ilty toisten soluissa\u2026 t\u00e4m\u00e4 lista voisi jatkua viel\u00e4 vaikka kuinka!<\/span><\/p>\n<p><span style=\"font-weight: 400\">T\u00e4nne tuleminen j\u00e4nnitti varmasti melkein kaikkia, mutta tunnelma rentoutui nopeasti ja j\u00e4nnityksest\u00e4 p\u00e4\u00e4stiin yli jo ihan alussa. Porukan yhteishenki on kasvanut valtavasti, eik\u00e4 meno n\u00e4yt\u00e4 hidastuvan.\u00a0<\/span><\/p>\n<p><img loading=\"lazy\" decoding=\"async\" class=\"alignnone size-large wp-image-8727\" src=\"http:\/\/rkropisto.fi.upcloud.rkropisto.fi\/wp-content\/uploads\/2022\/01\/Saarisella-2019-630x365.jpg\" alt=\"\" width=\"630\" height=\"365\" \/><\/p>\n<p><span style=\"font-weight: 400\">Alkuvaellus vaikutti t\u00e4h\u00e4n suuresti. K\u00e4veltiin Saarisen leirikeskukseen v\u00e4h\u00e4n kierrellen mets\u00e4n siimeksess\u00e4, menomatkalla kilsoja tuli lopulta suunnilleen 13. Nukuttiin teltoissa, kanah\u00e4kiksi kutsutussa pressu-kyh\u00e4elm\u00e4ss\u00e4 ja kahdessa m\u00f6kiss\u00e4, muuutama saattoi nukkua jopa riippumatoissa. Illalla lauleltiin, pelailtiin rantalentist\u00e4, k\u00e4ytiin uimassa ja saunomassa ja sy\u00f6tiin hyv\u00e4\u00e4 ruokaa. Ilta oli kaikin puolin onnistunut. Aamulla vedettiin k\u00f6ytt\u00e4 ja yllit (yritt\u00e4jyyslinja) vei t\u00e4ll\u00e4 kertaa voiton kotiin. Kymmenen kilsan kotimatka taittui leppoisasti, vaikkakin v\u00e4lill\u00e4 rakot ja nirhaumat hidastivat kulkua.<\/span><\/p>\n<p><img loading=\"lazy\" decoding=\"async\" class=\"alignnone size-large wp-image-8729\" src=\"http:\/\/rkropisto.fi.upcloud.rkropisto.fi\/wp-content\/uploads\/2022\/01\/Saarisella-2-630x473.jpg\" alt=\"\" width=\"630\" height=\"473\" \/><\/p>\n<p><span style=\"font-weight: 400\">Musiikkia on kuultu n\u00e4ill\u00e4 kahdella ensimm\u00e4isill\u00e4 viikoilla taukoamatta.T\u00e4\u00e4lt\u00e4 l\u00f6ytyy monia taitavia soittajia ja laulajia, saadaan t\u00e4n\u00e4 vuonna siis taas tuotettua mahtavaa ja erilaista musiikkia monella eri kokoonpanolla.<\/span><\/p>\n<p><span style=\"font-weight: 400\">Sill\u00e4 v\u00e4lin, kun muut olivat viikonlopun vietossa kotona, lellit (luonto- ja er\u00e4linja) k\u00e4viv\u00e4t merell\u00e4 melomassa, v\u00e4lill\u00e4 pys\u00e4htyen saarissa nukkumassa. Emme olleet itse mukana, mutta tarinoista ja some-postauksista p\u00e4\u00e4tellen, reissu oli mennyt niin sanotusti nappiin.<\/span><\/p>\n<p><img loading=\"lazy\" decoding=\"async\" class=\"alignnone size-large wp-image-8745\" src=\"http:\/\/rkropisto.fi.upcloud.rkropisto.fi\/wp-content\/uploads\/2022\/01\/IMG_20190827_153025-473x630.jpg\" alt=\"\" width=\"473\" height=\"630\" \/><img loading=\"lazy\" decoding=\"async\" class=\"alignnone size-large wp-image-8747\" src=\"http:\/\/rkropisto.fi.upcloud.rkropisto.fi\/wp-content\/uploads\/2022\/01\/IMG_20190827_180214-473x630.jpg\" alt=\"\" width=\"473\" height=\"630\" \/><\/p>\n<p><span style=\"font-weight: 400\">Is\u00e4nt\u00e4\u00e4 ja em\u00e4nt\u00e4\u00e4 on ilahduttanut jokailtaiset solukierrokset. Kaikissa soluissa on otettu l\u00e4mm\u00f6ll\u00e4 ja innolla vastaan joka ilta, saatiin tuossa yhten\u00e4 iltana muun muassa yksityinen laulun\u00e4yt\u00f6s ja l\u00e4tyt p\u00e4\u00e4lle.<\/span><\/p>\n<p><span style=\"font-weight: 400\">Jokaisessa solussa on l\u00e4htenyt rullaamaan n\u00e4tisti ja monet ovatkin ehtineet sisustaa k\u00e4mppi\u00e4 mukavann\u00e4k\u00f6isiksi. V\u00e4lill\u00e4 meno on ollut vilkasta, toisinaan taas on rauhotuttu vaikka kahvikupposten \u00e4\u00e4reen rupattelemaan ja ihmettelem\u00e4\u00e4n maailman ja opiston menoa.<\/span><\/p>\n<p><span style=\"font-weight: 400\">Tiistaina ihana iltap\u00e4ivyst\u00e4j\u00e4mme Helin\u00e4 j\u00e4rjesti Luna-koiransa kanssa meille makkaranpaistoa kodalla ihan opiston l\u00e4hell\u00e4, ja siell\u00e4 k\u00e4vi itse kukin py\u00f6r\u00e4ht\u00e4m\u00e4ss\u00e4 tai istumassa pitemm\u00e4nkin aikaa. Oli ihana kuunnella muiden puheensorinaa ja tulen rauhoittavaa r\u00e4tin\u00e4\u00e4, siin\u00e4 puisella penkill\u00e4 istuessa. Taidettiinpa siin\u00e4 muutama syv\u00e4llisempi keskustelukin k\u00e4yd\u00e4, aina v\u00e4lill\u00e4.<\/span><\/p>\n<p><span style=\"font-weight: 400\">Opistolla pidettiin keskiviikkona seurat ja oli mielenkiintoinen kokemus osallistua seurojen j\u00e4rjest\u00e4miseen niin l\u00e4helt\u00e4. Saimme siis toimia seurais\u00e4nt\u00e4n\u00e4 ja -em\u00e4nt\u00e4n\u00e4, ja kanttori ja esilaulajakin l\u00f6ytyi opistolaisten joukosta.<\/span><\/p>\n<p><span style=\"font-weight: 400\">T\u00e4llaista menoa siis t\u00e4\u00e4ll\u00e4. Jos t\u00e4nne kaikki asiat dokumentoisi oikein tarkkaan, emme saisi t\u00e4t\u00e4 koskaan valmiiksi. Siksi j\u00e4t\u00e4mmekin t\u00e4m\u00e4n tekstin t\u00e4h\u00e4n ja l\u00e4het\u00e4mme ka\u00edkille vanhemmille ja kotiv\u00e4elle terveisi\u00e4! Voitte olla huoleti, meill\u00e4 menee sikamukavasti t\u00e4\u00e4ll\u00e4 ja kaikilla on vaikuttanut olevan hauskaa.\u00a0<\/span><\/p>\n<p><span style=\"font-weight: 400\">Mahtava, jos luit t\u00e4nne asti, ensiviikolla saavat seuraavat is\u00e4nt\u00e4 ja em\u00e4nt\u00e4 kertoa viikosta ja sen tapahtumista. Yritet\u00e4\u00e4n t\u00e4n\u00e4 vuonna pit\u00e4\u00e4 t\u00e4m\u00e4 blogi hengiss\u00e4 ja aktiivisempana kuin koskaan!<\/span><\/p>\n<p>&nbsp;<\/p>\n<p><span style=\"font-weight: 400\">Alina Fabritius ja Samuel Nissinen<\/span><\/p>\n","protected":false},"excerpt":{"rendered":"<p>Ensimm\u00e4inen opistoblogi t\u00e4lle vuodelle. Ihan hullua olla t\u00e4\u00e4ll\u00e4! Nyt on tosiaan menossa toinen opistoviikko, ja t\u00e4ss\u00e4 ajassa on ehtinyt tapahtua jo ihan \u00e4lytt\u00f6m\u00e4sti kaikenlaista: ollaan tutustuttu ihaniin uusiin ihmisiin, k\u00e4yty alkuvaelluksella, alotettu eka lukuj\u00e4rjestyksen mukainen viikko, naurettu, saunottu, kyl\u00e4ilty toisten soluissa\u2026 t\u00e4m\u00e4 lista voisi jatkua viel\u00e4 vaikka kuinka! T\u00e4nne tuleminen j\u00e4nnitti varmasti melkein kaikkia, mutta [&hellip;]<\/p>\n","protected":false},"featured_media":10272,"template":"","class_list":["post-8737","blogi","type-blogi","status-publish","has-post-thumbnail","hentry"],"_links":{"self":[{"href":"https:\/\/www.rkropisto.fi\/en\/wp-json\/wp\/v2\/blogi\/8737","targetHints":{"allow":["GET"]}}],"collection":[{"href":"https:\/\/www.rkropisto.fi\/en\/wp-json\/wp\/v2\/blogi"}],"about":[{"href":"https:\/\/www.rkropisto.fi\/en\/wp-json\/wp\/v2\/types\/blogi"}],"wp:featuredmedia":[{"embeddable":true,"href":"https:\/\/www.rkropisto.fi\/en\/wp-json\/wp\/v2\/media\/10272"}],"wp:attachment":[{"href":"https:\/\/www.rkropisto.fi\/en\/wp-json\/wp\/v2\/media?parent=8737"}],"curies":[{"name":"wp","href":"https:\/\/api.w.org\/{rel}","templated":true}]}}