{"id":6682,"date":"2017-01-27T01:24:50","date_gmt":"2017-01-26T23:24:50","guid":{"rendered":"http:\/\/www.rkropisto.fi\/?p=6682"},"modified":"2022-01-04T20:51:03","modified_gmt":"2022-01-04T18:51:03","slug":"viikko-4-arjen-pohinaa","status":"publish","type":"blogi","link":"https:\/\/www.rkropisto.fi\/en\/blogi\/viikko-4-arjen-pohinaa\/","title":{"rendered":"Viikko 4: Arjen p\u00f6hin\u00e4\u00e4"},"content":{"rendered":"<p><span style=\"font-weight: 400\">Aloitimme uuden viikon t\u00e4ynn\u00e4 tarmoa ja intoa opiskeluun. Puolet opistovuodesta on nyt k\u00e4yty ja opiston yhteishenki on noussut entisest\u00e4\u00e4n, monet ovat sanoneet ett\u00e4 nyt pystyy jo oikeasti puhumaan aivan kaikille. Opistolla on ollut my\u00f6s enn\u00e4tysm\u00e4\u00e4r\u00e4 kyyn\u00e4rsauvojen k\u00e4ytt\u00e4ji\u00e4.<\/span><\/p>\n<p><img loading=\"lazy\" decoding=\"async\" class=\"alignnone size-large wp-image-6686\" src=\"http:\/\/rkropisto.fi.upcloud.rkropisto.fi\/wp-content\/uploads\/2022\/01\/IMG_8681-630x473.jpg\" alt=\"IMG_8681\" width=\"630\" height=\"473\" \/><\/p>\n<p><span style=\"font-weight: 400\">Maanantaina opistolla oli j\u00e4nnityst\u00e4 ilmassa, kun aamup\u00e4iv\u00e4ll\u00e4 oli s\u00e4hk\u00f6katkoksia ja tiskikone rikki. Ahkerat tiskarit hoitivat kuitenkin homman kotiin ja tiskikonekin saatiin lopulta kuntoon. Tiistaina osa opistolaisista p\u00e4\u00e4si rekiajelulle ja rehtorikin hypp\u00e4si hurjaan kyytiin. <\/span><\/p>\n<p><img loading=\"lazy\" decoding=\"async\" class=\"alignnone size-large wp-image-6685\" src=\"http:\/\/rkropisto.fi.upcloud.rkropisto.fi\/wp-content\/uploads\/2022\/01\/IMG_8856-630x420.jpg\" alt=\"IMG_8856\" width=\"630\" height=\"420\" \/><\/p>\n<p><span style=\"font-weight: 400\">Lellit palasivat sunnuntaina alkaneelta selviytymiskurssilta voittajina. Keskiviikkona opistolla vietettiin kahden opistolaisen syntt\u00e4reit\u00e4. \u00a0Torstaina juokssukoululaiset saivat uusia haasteita, kun keli oli niin liukas ett\u00e4 kaatumisia tuli jo ensikilometrien aikana paljon. Juoksukoulussa livestream katsojam\u00e4\u00e4r\u00e4 kilpailun juoksukoulun vet\u00e4j\u00e4n \u00a0ja Jussila C:n v\u00e4lill\u00e4 voitti juoksukoulun vet\u00e4j\u00e4. Illalla oli keitti\u00f6lautakunnan oppilaskunnan ilta, johon he olivat valmistelleet tietovisan ja penkki leikin. Kamarikuoro k\u00e4vi kiert\u00e4m\u00e4ss\u00e4 illan p\u00e4\u00e4tteeksi solut laulaen.<\/span><\/p>\n<p><span style=\"font-weight: 400\">K\u00e4mppien kiert\u00e4minen on ollut eritt\u00e4in kivaa. Orpolan pojat ovat k\u00e4yneet kovasti saunassa, Tipula A omistaa parhaimman teekokoelman, T\u00e4til\u00e4 B:st\u00e4 kiert\u00e4\u00e4 kovimmat rakkaustarinat, r\u00e4is\u00e4l\u00e4 A:ssa pelataan ahkerasti korteilla ja R\u00e4is\u00e4l\u00e4 D:ss\u00e4 k\u00e4yd\u00e4\u00e4n kiivasta kisaa &#8221;Puljusta&#8221;. K\u00e4mp\u00e4t ovat ty\u00f6st\u00e4neet soluesittelyj\u00e4, jotka tulevat opiston vuosikirjaan.<\/span><\/p>\n<figure id=\"attachment_6683\" aria-describedby=\"caption-attachment-6683\" style=\"width: 473px\" class=\"wp-caption alignnone\"><img loading=\"lazy\" decoding=\"async\" class=\"wp-image-6683 size-large\" src=\"http:\/\/rkropisto.fi.upcloud.rkropisto.fi\/wp-content\/uploads\/2022\/01\/IMG_20170126_224003-473x630.jpg\" alt=\"IMG_20170126_224003\" width=\"473\" height=\"630\" \/><figcaption id=\"caption-attachment-6683\" class=\"wp-caption-text\">\u00a0 R\u00e4is\u00e4l\u00e4 D:n &#8221;Pulju&#8221;<\/figcaption><\/figure>\n<p>&nbsp;<\/p>\n<figure id=\"attachment_6684\" aria-describedby=\"caption-attachment-6684\" style=\"width: 473px\" class=\"wp-caption alignnone\"><img loading=\"lazy\" decoding=\"async\" class=\"wp-image-6684 size-large\" src=\"http:\/\/rkropisto.fi.upcloud.rkropisto.fi\/wp-content\/uploads\/2022\/01\/IMG_20170126_223027-473x630.jpg\" alt=\"IMG_20170126_223027\" width=\"473\" height=\"630\" \/><figcaption id=\"caption-attachment-6684\" class=\"wp-caption-text\">Tipula A:n kuuluisa teekokoelma.<\/figcaption><\/figure>\n<p><span style=\"font-weight: 400\">Perjantaina l\u00e4hdemme viikonloppulomalle. 5.2. on talviulkoilu p\u00e4iv\u00e4, johon alamme valmistautua loman \u00a0j\u00e4lkeen. Kiit\u00e4mme kuluneesta viikosta!<\/span><\/p>\n<p><span style=\"font-weight: 400\">Aino ja Oskari<\/span><\/p>\n","protected":false},"excerpt":{"rendered":"<p>Aloitimme uuden viikon t\u00e4ynn\u00e4 tarmoa ja intoa opiskeluun. Puolet opistovuodesta on nyt k\u00e4yty ja opiston yhteishenki on noussut entisest\u00e4\u00e4n, monet ovat sanoneet ett\u00e4 nyt pystyy jo oikeasti puhumaan aivan kaikille. Opistolla on ollut my\u00f6s enn\u00e4tysm\u00e4\u00e4r\u00e4 kyyn\u00e4rsauvojen k\u00e4ytt\u00e4ji\u00e4. Maanantaina opistolla oli j\u00e4nnityst\u00e4 ilmassa, kun aamup\u00e4iv\u00e4ll\u00e4 oli s\u00e4hk\u00f6katkoksia ja tiskikone rikki. Ahkerat tiskarit hoitivat kuitenkin homman kotiin [&hellip;]<\/p>\n","protected":false},"featured_media":10132,"template":"","class_list":["post-6682","blogi","type-blogi","status-publish","has-post-thumbnail","hentry"],"_links":{"self":[{"href":"https:\/\/www.rkropisto.fi\/en\/wp-json\/wp\/v2\/blogi\/6682","targetHints":{"allow":["GET"]}}],"collection":[{"href":"https:\/\/www.rkropisto.fi\/en\/wp-json\/wp\/v2\/blogi"}],"about":[{"href":"https:\/\/www.rkropisto.fi\/en\/wp-json\/wp\/v2\/types\/blogi"}],"wp:featuredmedia":[{"embeddable":true,"href":"https:\/\/www.rkropisto.fi\/en\/wp-json\/wp\/v2\/media\/10132"}],"wp:attachment":[{"href":"https:\/\/www.rkropisto.fi\/en\/wp-json\/wp\/v2\/media?parent=6682"}],"curies":[{"name":"wp","href":"https:\/\/api.w.org\/{rel}","templated":true}]}}