{"id":5845,"date":"2016-02-19T00:47:29","date_gmt":"2016-02-18T22:47:29","guid":{"rendered":"http:\/\/www.rkropisto.fi\/?p=5845"},"modified":"2022-01-04T20:51:08","modified_gmt":"2022-01-04T18:51:08","slug":"viikko-7-salainen-ystava-viikko-2","status":"publish","type":"blogi","link":"https:\/\/www.rkropisto.fi\/en\/blogi\/viikko-7-salainen-ystava-viikko-2\/","title":{"rendered":"Viikko 7: Salainen yst\u00e4v\u00e4 &#8211; viikko"},"content":{"rendered":"<p><span style=\"font-weight: 400\">Maanantaina kun tulimme opistolle, meill\u00e4 alkoi salainen yst\u00e4v\u00e4 -viikko.\u00a0<\/span><span style=\"font-weight: 400\">Ilmapiiri opistolla on kasvanut, kun olemme saaneet pirist\u00e4vi\u00e4 yll\u00e4tyksi\u00e4 salaisilta yst\u00e4vilt\u00e4.<\/span><\/p>\n<figure id=\"attachment_5847\" aria-describedby=\"caption-attachment-5847\" style=\"width: 630px\" class=\"wp-caption alignnone\"><img loading=\"lazy\" decoding=\"async\" class=\"wp-image-5847 size-large\" src=\"http:\/\/rkropisto.fi.upcloud.rkropisto.fi\/wp-content\/uploads\/2022\/01\/MG_8488-630x420.jpg\" alt=\"_MG_8488\" width=\"630\" height=\"420\" \/><figcaption id=\"caption-attachment-5847\" class=\"wp-caption-text\">Salaisia yst\u00e4vi\u00e4 on muistettu monin tavoin.<\/figcaption><\/figure>\n<p><span style=\"font-weight: 400\">Tiistai-iltana pojilla oli haastepeli s\u00e4b\u00e4ss\u00e4 entisi\u00e4 opistolaisia vastaan. Opistolaisilla oli kasvot maalissa ja hymyt huulilla, kun abit vierailivat opistolla torstaina. Illalla liikuntalautakunta j\u00e4rjesti oppilaskunnan illan, jossa oli erilaisia kilpailuja.<\/span><\/p>\n<figure id=\"attachment_5846\" aria-describedby=\"caption-attachment-5846\" style=\"width: 630px\" class=\"wp-caption alignnone\"><img loading=\"lazy\" decoding=\"async\" class=\"wp-image-5846 size-large\" src=\"http:\/\/rkropisto.fi.upcloud.rkropisto.fi\/wp-content\/uploads\/2022\/01\/MG_8472-630x420.jpg\" alt=\"_MG_8472\" width=\"630\" height=\"420\" \/><figcaption id=\"caption-attachment-5846\" class=\"wp-caption-text\">Polttopallo on hauska laji suurella joukolla.<\/figcaption><\/figure>\n<p><span style=\"font-weight: 400\">Lauantaina on Lahjat kiertoon &#8211; teemap\u00e4iv\u00e4. Opiskelijat p\u00e4\u00e4sev\u00e4t esittelem\u00e4\u00e4n omia vahvuuksiaan ja opettamaan niit\u00e4 muille erilaisissa pajoissa. Sunnuntaina meill\u00e4 on lapsuus teemap\u00e4iv\u00e4, johon olemme tuoneet lapsuuskuvia.<\/span><\/p>\n<figure id=\"attachment_5848\" aria-describedby=\"caption-attachment-5848\" style=\"width: 630px\" class=\"wp-caption alignnone\"><img loading=\"lazy\" decoding=\"async\" class=\"wp-image-5848 size-large\" src=\"http:\/\/rkropisto.fi.upcloud.rkropisto.fi\/wp-content\/uploads\/2022\/01\/IMG_7289-630x354.jpg\" alt=\"IMG_7289\" width=\"630\" height=\"354\" \/><figcaption id=\"caption-attachment-5848\" class=\"wp-caption-text\">T\u00e4ll\u00e4 viikolla on nautittu kev\u00e4isist\u00e4 p\u00e4ivist\u00e4.<\/figcaption><\/figure>\n<p><span style=\"font-weight: 400\">Katriina ja Joona<\/span><\/p>\n","protected":false},"excerpt":{"rendered":"<p>Maanantaina kun tulimme opistolle, meill\u00e4 alkoi salainen yst\u00e4v\u00e4 -viikko.\u00a0Ilmapiiri opistolla on kasvanut, kun olemme saaneet pirist\u00e4vi\u00e4 yll\u00e4tyksi\u00e4 salaisilta yst\u00e4vilt\u00e4. Tiistai-iltana pojilla oli haastepeli s\u00e4b\u00e4ss\u00e4 entisi\u00e4 opistolaisia vastaan. Opistolaisilla oli kasvot maalissa ja hymyt huulilla, kun abit vierailivat opistolla torstaina. Illalla liikuntalautakunta j\u00e4rjesti oppilaskunnan illan, jossa oli erilaisia kilpailuja. Lauantaina on Lahjat kiertoon &#8211; teemap\u00e4iv\u00e4. Opiskelijat [&hellip;]<\/p>\n","protected":false},"featured_media":10198,"template":"","class_list":["post-5845","blogi","type-blogi","status-publish","has-post-thumbnail","hentry"],"_links":{"self":[{"href":"https:\/\/www.rkropisto.fi\/en\/wp-json\/wp\/v2\/blogi\/5845","targetHints":{"allow":["GET"]}}],"collection":[{"href":"https:\/\/www.rkropisto.fi\/en\/wp-json\/wp\/v2\/blogi"}],"about":[{"href":"https:\/\/www.rkropisto.fi\/en\/wp-json\/wp\/v2\/types\/blogi"}],"wp:featuredmedia":[{"embeddable":true,"href":"https:\/\/www.rkropisto.fi\/en\/wp-json\/wp\/v2\/media\/10198"}],"wp:attachment":[{"href":"https:\/\/www.rkropisto.fi\/en\/wp-json\/wp\/v2\/media?parent=5845"}],"curies":[{"name":"wp","href":"https:\/\/api.w.org\/{rel}","templated":true}]}}