{"id":4768,"date":"2015-05-28T10:45:33","date_gmt":"2015-05-28T07:45:33","guid":{"rendered":"http:\/\/www.rkropisto.fi\/?p=4768"},"modified":"2022-01-04T20:50:14","modified_gmt":"2022-01-04T18:50:14","slug":"viikko-18-19-opistovuosi-paattyi","status":"publish","type":"blogi","link":"https:\/\/www.rkropisto.fi\/en\/blogi\/viikko-18-19-opistovuosi-paattyi\/","title":{"rendered":"Viikko 18-19: Opistovuosi p\u00e4\u00e4ttyi"},"content":{"rendered":"<p>Muistorikas opistovuosi on p\u00e4\u00e4ttynyt! Palaamme asiaan uusien\u00a0opiskelijoiden kanssa syksyll\u00e4.<\/p>\n<p>Oikein hyv\u00e4\u00e4 kes\u00e4\u00e4 kaikille toivottavat<\/p>\n<p>Vuoden 2014-2015 opistolaiset<\/p>\n","protected":false},"excerpt":{"rendered":"<p>Muistorikas opistovuosi on p\u00e4\u00e4ttynyt! Palaamme asiaan uusien\u00a0opiskelijoiden kanssa syksyll\u00e4. Oikein hyv\u00e4\u00e4 kes\u00e4\u00e4 kaikille toivottavat Vuoden 2014-2015 opistolaiset<\/p>\n","protected":false},"featured_media":0,"template":"","class_list":["post-4768","blogi","type-blogi","status-publish","hentry"],"_links":{"self":[{"href":"https:\/\/www.rkropisto.fi\/en\/wp-json\/wp\/v2\/blogi\/4768","targetHints":{"allow":["GET"]}}],"collection":[{"href":"https:\/\/www.rkropisto.fi\/en\/wp-json\/wp\/v2\/blogi"}],"about":[{"href":"https:\/\/www.rkropisto.fi\/en\/wp-json\/wp\/v2\/types\/blogi"}],"wp:attachment":[{"href":"https:\/\/www.rkropisto.fi\/en\/wp-json\/wp\/v2\/media?parent=4768"}],"curies":[{"name":"wp","href":"https:\/\/api.w.org\/{rel}","templated":true}]}}