{"id":3036,"date":"2012-09-20T23:57:04","date_gmt":"2012-09-20T20:57:04","guid":{"rendered":"http:\/\/www.rkropisto.fi\/?p=3036"},"modified":"2022-01-04T20:47:44","modified_gmt":"2022-01-04T18:47:44","slug":"viikko-38","status":"publish","type":"blogi","link":"https:\/\/www.rkropisto.fi\/en\/blogi\/viikko-38\/","title":{"rendered":"Viikko 38: Tapahtumarikas viikko!"},"content":{"rendered":"<p>Viikonloppu alkoi mukavasti. Saimme perjantaina t\u00e4nne opistolle meid\u00e4n \u00e4itej\u00e4 ja isi\u00e4 vanhempien viikonlopulle. Ilta alkoi\u00a0 majoittumisella ja jumalanpalveluksella. Me opistolaiset saimme esitell\u00e4 linjoittain vuorotellen omat vanhempamme koko joukolle. Kuorot lauloivat ja illan p\u00e4\u00e4tteksi n\u00e4htiin ohjelmalautakunnan suunnittelema ja toteuttama ohjelmailta, jonka j\u00e4lkeen oli viel\u00e4 iltahartaus. Tyt\u00f6t saivat nukkua\u00a0p\u00e4\u00e4rakennuksen yl\u00e4kerrassa ja pojat Elsalassa ja Jussilassa.<\/p>\n<p><a href=\"http:\/\/rkropisto.fi\/wp-content\/uploads\/2012\/09\/DSC_1156.jpg\"><img loading=\"lazy\" decoding=\"async\" class=\"alignnone size-large wp-image-3039\" src=\"http:\/\/rkropisto.fi\/wp-content\/uploads\/2012\/09\/DSC_1156-630x420.jpg\" alt=\"\" width=\"630\" height=\"420\" \/><\/a><\/p>\n<p>Lauantaina kuulimme alustuksen kodin ja opistokodin ihmissuhteista. Sen j\u00e4lkeen k\u00e4vimme mielenkiintoista ja antoisaa keskustelua soluittain. Keskustelun j\u00e4lkeen tyt\u00f6t ja \u00e4idit ottivat toisistaan mittaa lentopallon merkeiss\u00e4. Is\u00e4t ja pojat pelasivat s\u00e4hlypelin. S\u00e4hly\u00e4 oli luvassa lis\u00e4\u00e4 illalla Kokkolan poikien tultua pelaamaan opiston s\u00e4hlyjoukkuetta vastaan. Kokkolasta kasatussa joukkueessa oli paljon\u00a0edellisten vuosien opistolaisia.\u00a0Ottelu oli ensimm\u00e4inen t\u00e4m\u00e4n vuoden opiston joukkueelle\u00a0eik\u00e4 voittokaan ollut kaukana..<\/p>\n<p><a href=\"http:\/\/rkropisto.fi\/wp-content\/uploads\/2012\/09\/DSC_1157.jpg\"><img loading=\"lazy\" decoding=\"async\" class=\"alignnone size-large wp-image-3040\" src=\"http:\/\/rkropisto.fi\/wp-content\/uploads\/2012\/09\/DSC_1157-630x420.jpg\" alt=\"\" width=\"630\" height=\"420\" \/><\/a><\/p>\n<p>Maanantanai-iltana kuulimme yll\u00e4tt\u00e4v\u00e4n kuulutuksen. Taisi j\u00e4\u00e4d\u00e4 joillakin syd\u00e4menly\u00f6ntej\u00e4 v\u00e4list\u00e4, kun\u00a0iltap\u00e4ivyst\u00e4j\u00e4 kertoi keskusradiosta Orpola A:ssa olevasta tulipalosta. Juoksimme kokoontumispaikalle, josta n\u00e4immekin, kuinka Orpola oli t\u00e4ynn\u00e4 savua. Orpolan mukana\u00a0harjoitusta j\u00e4rjest\u00e4m\u00e4ss\u00e4\u00a0olleet pojat juoksivat yskien ja ry\u00f6mien pihalle. Pihaan saapui palomiehi\u00e4, jotka meniv\u00e4t suojakyp\u00e4rineen ja sammutusletkuineen porrask\u00e4yt\u00e4v\u00e4\u00e4n.\u00a0Kaikki p\u00e4\u00e4siv\u00e4t\u00a0vahingoittumattomina pihalle.\u00a0Orpolakin oli kunnossa, sill\u00e4 kyseess\u00e4 oli paloharjoitus. Savukonekaan ei aiheuttanut muuta kuin huonoa n\u00e4kyvyytt\u00e4. Jatkoimme harjoitusta auditoriossa pienell\u00e4 keskustelulla aiheeseen liittyen. Nyt meill\u00e4 on taidot hallussa, jos joudumme joskus kohtaamaan oikean h\u00e4t\u00e4tilanteen. Toivottavasti s\u00e4\u00e4stymme niilt\u00e4.<\/p>\n<p><a href=\"http:\/\/rkropisto.fi\/wp-content\/uploads\/2012\/09\/DSC_1276.jpg\"><img loading=\"lazy\" decoding=\"async\" class=\"alignnone size-large wp-image-3041\" src=\"http:\/\/rkropisto.fi\/wp-content\/uploads\/2012\/09\/DSC_1276-630x420.jpg\" alt=\"\" width=\"630\" height=\"420\" \/><\/a><\/p>\n<p>Lellit l\u00e4htiv\u00e4t sunnuntai-iltana mets\u00e4stys- ja kalastusreissulle. Saalistoivo oli kova, mutta onni ei potkinut ja saalis j\u00e4i laihaksi. S\u00e4\u00e4 oli myrskyis\u00e4. Kyll\u00e4 siell\u00e4 oli ollut lelleill\u00e4 teltoissa pitelemist\u00e4! Kaikki tulivat kuitenkin ehjin\u00e4 takaisin ja reissu oli mennyt hyvin. Torstai-iltana saimme osallistua vapaa-ajan lautakunnan j\u00e4rjest\u00e4m\u00e4\u00e4n oppilaskunnan iltaan.<\/p>\n<p>Viikko on ollut hyvin\u00a0tapahtumarikas. Is\u00e4nt\u00e4n\u00e4 ja em\u00e4nt\u00e4n\u00e4 ollaan saatu tutustua paremmin muihin opistolaisiin solukierroksen yhteydess\u00e4. Kierrosta olisi voinut jatkaa vaikka y\u00f6my\u00f6h\u00e4\u00e4n. Opisto on t\u00e4ynn\u00e4 niin mahtavia ja erilaisia ihmisi\u00e4! Nyt on kiva taas l\u00e4hte\u00e4 kotiviikonlopulle tiet\u00e4en, ett\u00e4 maanantaina saamme palata takaisin t\u00e4nne opistokotiin.<\/p>\n<p>Enna ja Oskar<\/p>\n","protected":false},"excerpt":{"rendered":"<p>Viikonloppu alkoi mukavasti. Saimme perjantaina t\u00e4nne opistolle meid\u00e4n \u00e4itej\u00e4 ja isi\u00e4 vanhempien viikonlopulle. Ilta alkoi\u00a0 majoittumisella ja jumalanpalveluksella. Me opistolaiset saimme esitell\u00e4 linjoittain vuorotellen omat vanhempamme koko joukolle. Kuorot lauloivat ja illan p\u00e4\u00e4tteksi n\u00e4htiin ohjelmalautakunnan suunnittelema ja toteuttama ohjelmailta, jonka j\u00e4lkeen oli viel\u00e4 iltahartaus. Tyt\u00f6t saivat nukkua\u00a0p\u00e4\u00e4rakennuksen yl\u00e4kerrassa ja pojat Elsalassa ja Jussilassa. Lauantaina kuulimme [&hellip;]<\/p>\n","protected":false},"featured_media":0,"template":"","class_list":["post-3036","blogi","type-blogi","status-publish","hentry"],"_links":{"self":[{"href":"https:\/\/www.rkropisto.fi\/en\/wp-json\/wp\/v2\/blogi\/3036","targetHints":{"allow":["GET"]}}],"collection":[{"href":"https:\/\/www.rkropisto.fi\/en\/wp-json\/wp\/v2\/blogi"}],"about":[{"href":"https:\/\/www.rkropisto.fi\/en\/wp-json\/wp\/v2\/types\/blogi"}],"wp:attachment":[{"href":"https:\/\/www.rkropisto.fi\/en\/wp-json\/wp\/v2\/media?parent=3036"}],"curies":[{"name":"wp","href":"https:\/\/api.w.org\/{rel}","templated":true}]}}