{"id":2848,"date":"2012-05-24T09:40:16","date_gmt":"2012-05-24T06:40:16","guid":{"rendered":"http:\/\/www.rkropisto.fi\/?p=2848"},"modified":"2022-01-04T20:47:47","modified_gmt":"2022-01-04T18:47:47","slug":"viikko-18-opintomatka-ja-viimeinen-viikko","status":"publish","type":"blogi","link":"https:\/\/www.rkropisto.fi\/en\/blogi\/viikko-18-opintomatka-ja-viimeinen-viikko\/","title":{"rendered":"Viikko 18: Opintomatka ja viimeinen viikko"},"content":{"rendered":"<p>&#8217;Kiitosmielen muistot toivat, kiit\u00e4n niist\u00e4 n\u00f6yr\u00e4sti.&#8217; L\u00e4ht\u00f6laskenta on alkanut. Viel\u00e4\u00a0kerran, viel\u00e4 viikoksi\u00a0saimme kokoontua yhteen onnistuneen ja mieleenpainuvan Vironreissun j\u00e4lkeen. T\u00e4m\u00e4n talven\u00a0aikana me linnunpojat\u00a0olemme opetelleet lent\u00e4m\u00e4\u00e4n, nyt on aika pyr\u00e4ht\u00e4\u00e4 takaisin\u00a0pes\u00e4nsuulle hetkeksi ennen kuin lenn\u00e4mme jokainen erisuuntaan aloittamaan omaa el\u00e4m\u00e4\u00e4. Ilmassa on haikeutta, ristiriitaisia tunteita,\u00a0onnea siit\u00e4 ett\u00e4 viel\u00e4 saamme iloita yhdess\u00e4 viimeisist\u00e4 p\u00e4ivist\u00e4!<\/p>\n<p><a href=\"http:\/\/rkropisto.fi\/wp-content\/uploads\/2012\/05\/blogikuva2.jpg\"><img loading=\"lazy\" decoding=\"async\" class=\"alignnone size-large wp-image-2852\" src=\"http:\/\/rkropisto.fi\/wp-content\/uploads\/2012\/05\/blogikuva2-630x472.jpg\" alt=\"\" width=\"630\" height=\"472\" \/><\/a><\/p>\n<p>Maanantai-iltana juttelimme keskusteluillassa ajankohtaisista, mietitytt\u00e4vist\u00e4 aiheista ja saimme vastauksia toinen toisiltamme.<\/p>\n<p>Tiistaina olimme reippaita ja siivosimme ulkona lautakunnittain oman vastuualueemme. Roskia ker\u00e4simme s\u00e4keitt\u00e4in ja lehti\u00e4 haravoimme kasaan monta per\u00e4k\u00e4rryllist\u00e4! Samaa teemme koko ajan my\u00f6s omille tavaroille k\u00e4mpiss\u00e4.. Mieskuoron illassa tyt\u00f6t saivat komeasti kajahtavia,\u00a0laulettuja rakkaudentunnustuksia pojilta hauskan juonnon kera.<\/p>\n<p>Keskiviikon loppuvaelluksella s\u00e4\u00e4 helli meit\u00e4, aurinko paistoi l\u00e4mpim\u00e4sti\u00a0Pet\u00e4j\u00e4m\u00e4en ulkoilualueella.\u00a0Nurmialue t\u00e4yttyi p\u00e4iv\u00e4\u00e4 paistattelevista kansalaisista, jalkapallokentt\u00e4 p\u00f6lisi juoksuaskelten alla, keinut ja leikkipuisto l\u00f6ysi kannattajansa lapsenmielisist\u00e4 opistonuorista.\u00a0N\u00e4lk\u00e4iset saivat ruumiinravintoa l\u00e4ttyjen muodossa\u00a0kodan puolella. Ohjelmaillassa henkil\u00f6kunta heitt\u00e4ytyi roolien viet\u00e4v\u00e4ksi ja hauskuutti meit\u00e4 monenlaisilla esityksill\u00e4.<\/p>\n<p>Torstai kului suurimmalta osalta kirjoittaessa muistoja, toisten\u00a0 vuosikirjoihin.\u00a0Toiselle teksti venyi l\u00e4hes romaaniksi, toiselle sai ulos suollettua vain pari lausetta, mutta tunne on t\u00e4rkein..<\/p>\n<p>Perjantaina harjoittelimme miten juhlassa tulee k\u00e4ytt\u00e4yty\u00e4. Viimeisetkin saivat oppia, ett\u00e4 niiaaminen tai kumartaminen ovat kohtelias ele, mieluiten viel\u00e4 niin ett\u00e4 tyt\u00f6t niiaa ja pojat kumartaa. \ud83d\ude42 Ehtoolliskirkossa saimme yhdess\u00e4 hiljenty\u00e4 t\u00e4rkeimm\u00e4n \u00e4\u00e4reen.\u00a0Illalla nautimme toisen seurasta kuin viimeist\u00e4 p\u00e4iv\u00e4\u00e4! Paistoimme ulkona makkaraa, ja huolimatta tihkusateesta lauloimme ulkona ringiss\u00e4 isolla porukalla. Me-henki ja &#8221;opisto-it&#8221; oli niin korkealla kuin vain voi! My\u00f6h\u00e4isillan lauluhetkess\u00e4 oli tunteet pinnassa.<\/p>\n<p><a href=\"http:\/\/rkropisto.fi\/wp-content\/uploads\/2012\/05\/blogikuva1.jpg\"><img loading=\"lazy\" decoding=\"async\" class=\"alignnone size-large wp-image-2851\" src=\"http:\/\/rkropisto.fi\/wp-content\/uploads\/2012\/05\/blogikuva1-630x472.jpg\" alt=\"\" width=\"630\" height=\"472\" \/><\/a><\/p>\n<p>Lauantain juhlassa runot, puheet ja laulut saattelivat meid\u00e4t kes\u00e4\u00e4n. Hyv\u00e4stelyringiss\u00e4 saimme viel\u00e4 kiitt\u00e4\u00e4 toisiamme t\u00e4h\u00e4nastisesta yst\u00e4vyydest\u00e4 ja kuluneesta vuodesta. Onneksi voimme luottaa siihen, ett\u00e4 t\u00e4rke\u00e4t\u00a0yst\u00e4v\u00e4t s\u00e4ilyv\u00e4t v\u00e4limatkasta huolimatta!<br \/>\n&#8217;Nyt, yst\u00e4v\u00e4ni, j\u00e4\u00e4k\u00e4\u00e4 Jeesuksen haavoihin, priiskukoon armon kaste ain k\u00f6yhiin sieluihin. Jumala itse rauhan antakoon p\u00e4\u00e4llemme ja siunatkoon h\u00e4n meit\u00e4 nyt erotessamme.&#8217;<\/p>\n<p>Heini ja Lassi<\/p>\n<p>&nbsp;<\/p>\n<p>Yll\u00e4pidon huomatus: Opistoblogin kirjoittaminen jatkuu uusien opiskelijoiden voimin syksyll\u00e4. Hyv\u00e4\u00e4 ja rentouttavaa kes\u00e4\u00e4 kaikille!<\/p>\n","protected":false},"excerpt":{"rendered":"<p>&#8217;Kiitosmielen muistot toivat, kiit\u00e4n niist\u00e4 n\u00f6yr\u00e4sti.&#8217; L\u00e4ht\u00f6laskenta on alkanut. Viel\u00e4\u00a0kerran, viel\u00e4 viikoksi\u00a0saimme kokoontua yhteen onnistuneen ja mieleenpainuvan Vironreissun j\u00e4lkeen. T\u00e4m\u00e4n talven\u00a0aikana me linnunpojat\u00a0olemme opetelleet lent\u00e4m\u00e4\u00e4n, nyt on aika pyr\u00e4ht\u00e4\u00e4 takaisin\u00a0pes\u00e4nsuulle hetkeksi ennen kuin lenn\u00e4mme jokainen erisuuntaan aloittamaan omaa el\u00e4m\u00e4\u00e4. Ilmassa on haikeutta, ristiriitaisia tunteita,\u00a0onnea siit\u00e4 ett\u00e4 viel\u00e4 saamme iloita yhdess\u00e4 viimeisist\u00e4 p\u00e4ivist\u00e4! Maanantai-iltana juttelimme keskusteluillassa [&hellip;]<\/p>\n","protected":false},"featured_media":0,"template":"","class_list":["post-2848","blogi","type-blogi","status-publish","hentry"],"_links":{"self":[{"href":"https:\/\/www.rkropisto.fi\/en\/wp-json\/wp\/v2\/blogi\/2848","targetHints":{"allow":["GET"]}}],"collection":[{"href":"https:\/\/www.rkropisto.fi\/en\/wp-json\/wp\/v2\/blogi"}],"about":[{"href":"https:\/\/www.rkropisto.fi\/en\/wp-json\/wp\/v2\/types\/blogi"}],"wp:attachment":[{"href":"https:\/\/www.rkropisto.fi\/en\/wp-json\/wp\/v2\/media?parent=2848"}],"curies":[{"name":"wp","href":"https:\/\/api.w.org\/{rel}","templated":true}]}}