{"id":1652,"date":"2012-01-10T23:54:18","date_gmt":"2012-01-10T21:54:18","guid":{"rendered":"http:\/\/rkropisto.wordpress.com\/?p=627"},"modified":"2022-01-04T20:47:56","modified_gmt":"2022-01-04T18:47:56","slug":"viikko-2-opiston-talviolympialaiset","status":"publish","type":"blogi","link":"https:\/\/www.rkropisto.fi\/en\/blogi\/viikko-2-opiston-talviolympialaiset\/","title":{"rendered":"Viikko 2: Opiston talviolympialaiset"},"content":{"rendered":"<p style=\"text-align:justify\">Lauantaiaamu alkoi infotilaisuudella auditoriossa, jossa saimme kuulla tulevasta talviolympialaisp\u00e4iv\u00e4st\u00e4. Ohjelmassa oli curlingia pulkalla laskien, kiekon kuljetusta luistinradalla, hiihtoviesti mets\u00e4suksilla ja p\u00f6lkyn heittoa.<\/p>\n<p style=\"text-align:justify\"><a href=\"http:\/\/rkropisto.files.wordpress.com\/2012\/01\/kuva-002.jpg\"><img loading=\"lazy\" decoding=\"async\" class=\"alignleft  wp-image-630\" title=\"Hiihtoa\" src=\"http:\/\/rkropisto.fi.upcloud.rkropisto.fi\/wp-content\/uploads\/2022\/01\/kuva-002.jpg\" alt=\"\" width=\"490\" height=\"327\" \/><\/a><\/p>\n<p style=\"text-align:justify\">Lounaan j\u00e4lkeen oli j\u00e4nnitt\u00e4v\u00e4 finaali, jonka retkeilylautakunta voitti. Iltap\u00e4iv\u00e4ll\u00e4 k\u00e4ytiin viel\u00e4 hurja hiihtokilpailu mets\u00e4suksilla.<\/p>\n<p style=\"text-align:justify\"><a href=\"http:\/\/rkropisto.files.wordpress.com\/2012\/01\/kuva-0011.jpg\"><img loading=\"lazy\" decoding=\"async\" class=\"alignleft  wp-image-629\" title=\"Pulkan kyydiss\u00e4\" src=\"http:\/\/rkropisto.fi.upcloud.rkropisto.fi\/wp-content\/uploads\/2022\/01\/kuva-0011.jpg\" alt=\"\" width=\"491\" height=\"327\" \/><\/a><\/p>\n<p style=\"text-align:justify\">Sunnuntaina kuulimme mielenkiintoisen alustuksen aiheesta erilaisuus\/monenlaisuus, jonka meille piti Irma Kinnunen ja avustamassa toimi vapaa-ajanlautakunta. Alustuksen j\u00e4lkeen keskustelimme aiheesta. P\u00e4iv\u00e4kahvin j\u00e4lkeen katsoimme autismiin liittyv\u00e4n dokumentin, joka oli eritt\u00e4in mielenkiintoinen ja her\u00e4tti monenlaisia ajatuksia. Iltap\u00e4iv\u00e4ll\u00e4 tukioppilaat j\u00e4rjestiv\u00e4t toimintaa erilaisuuteen liittyen. Kiersimme eri pisteit\u00e4, joissa saimme kokea millaista olisi esimerkiksi olla sokea.<\/p>\n<p style=\"text-align:justify\"><a href=\"http:\/\/rkropisto.files.wordpress.com\/2012\/01\/dsc07650.jpg\"><img loading=\"lazy\" decoding=\"async\" class=\"alignleft  wp-image-631\" title=\"Pakoper\u00e4ll\u00e4\" src=\"http:\/\/rkropisto.fi.upcloud.rkropisto.fi\/wp-content\/uploads\/2022\/01\/dsc07650.jpg\" alt=\"\" width=\"490\" height=\"326\" \/><\/a><br \/>\nIllalla lellit l\u00e4htiv\u00e4t Pakoper\u00e4lle hiihto reissulle ja y\u00f6pyiv\u00e4t siell\u00e4 teltoissa t\u00e4yden kuun alla. Lentopallopelej\u00e4 on riitt\u00e4nyt t\u00e4ll\u00e4 viikolla. Joukkue on pelannut Kannusta, Kokkolaa ja Haapaj\u00e4rve\u00e4 vastaan. Pelit ovat olleet tasaisia, joten on tullut voittoja ja tappioita.<\/p>\n<p style=\"text-align:justify\">Johanna ja Marko<\/p>\n","protected":false},"excerpt":{"rendered":"<p>Lauantaiaamu alkoi infotilaisuudella auditoriossa, jossa saimme kuulla tulevasta talviolympialaisp\u00e4iv\u00e4st\u00e4. Ohjelmassa oli curlingia pulkalla laskien, kiekon kuljetusta luistinradalla, hiihtoviesti mets\u00e4suksilla ja p\u00f6lkyn heittoa. Lounaan j\u00e4lkeen oli j\u00e4nnitt\u00e4v\u00e4 finaali, jonka retkeilylautakunta voitti. Iltap\u00e4iv\u00e4ll\u00e4 k\u00e4ytiin viel\u00e4 hurja hiihtokilpailu mets\u00e4suksilla. Sunnuntaina kuulimme mielenkiintoisen alustuksen aiheesta erilaisuus\/monenlaisuus, jonka meille piti Irma Kinnunen ja avustamassa toimi vapaa-ajanlautakunta. Alustuksen j\u00e4lkeen keskustelimme aiheesta. [&hellip;]<\/p>\n","protected":false},"featured_media":9993,"template":"","class_list":["post-1652","blogi","type-blogi","status-publish","has-post-thumbnail","hentry"],"_links":{"self":[{"href":"https:\/\/www.rkropisto.fi\/en\/wp-json\/wp\/v2\/blogi\/1652","targetHints":{"allow":["GET"]}}],"collection":[{"href":"https:\/\/www.rkropisto.fi\/en\/wp-json\/wp\/v2\/blogi"}],"about":[{"href":"https:\/\/www.rkropisto.fi\/en\/wp-json\/wp\/v2\/types\/blogi"}],"wp:featuredmedia":[{"embeddable":true,"href":"https:\/\/www.rkropisto.fi\/en\/wp-json\/wp\/v2\/media\/9993"}],"wp:attachment":[{"href":"https:\/\/www.rkropisto.fi\/en\/wp-json\/wp\/v2\/media?parent=1652"}],"curies":[{"name":"wp","href":"https:\/\/api.w.org\/{rel}","templated":true}]}}