{"id":1630,"date":"2011-02-24T22:25:33","date_gmt":"2011-02-24T20:25:33","guid":{"rendered":"http:\/\/rkropisto.wordpress.com\/?p=343"},"modified":"2022-01-04T20:46:51","modified_gmt":"2022-01-04T18:46:51","slug":"viikko-8","status":"publish","type":"blogi","link":"https:\/\/www.rkropisto.fi\/en\/blogi\/viikko-8\/","title":{"rendered":"Viikko 8: Hiihtolomaa edelt\u00e4v\u00e4 viikko"},"content":{"rendered":"<p style=\"text-align:justify\">T\u00e4m\u00e4 viikko opistossa on sujunut samaan malliin kuten edelliset eli yhteishenki on hyv\u00e4 ja porukkaa viihtyy! Reisj\u00e4rven raamattuluokkalaiset olivat perjantaista lauantaihin tutustumisreissulla opistolla. Kieliopintojenlinja j\u00e4rjesti perjantai-iltana viihdytt\u00e4v\u00e4n ja monipuolisen ohjelmaillan. Illan j\u00e4lkeen raamattuluokkalaiset p\u00e4\u00e4siv\u00e4t nukkumaan p\u00e4\u00e4rakennuksen luokissa.<\/p>\n<p style=\"text-align:justify\"><a href=\"http:\/\/rkropisto.files.wordpress.com\/2011\/02\/viikko7-6.jpg\"><img loading=\"lazy\" decoding=\"async\" class=\"alignnone size-medium wp-image-348\" title=\"Kukka ja mummo.\" src=\"http:\/\/rkropisto.fi.upcloud.rkropisto.fi\/wp-content\/uploads\/2022\/01\/viikko7-6.jpg\" alt=\"\" width=\"225\" height=\"300\" \/><\/a><\/p>\n<p style=\"text-align:justify\">Lauantaina oli teemap\u00e4iv\u00e4n aiheena fyysinen hyvinvointi. P\u00e4iv\u00e4n p\u00e4\u00e4tteeksi oli opiston oman v\u00e4en yst\u00e4v\u00e4np\u00e4iv\u00e4tapahtuma, jolloin leikimme yhdess\u00e4 erilaisia leikkej\u00e4 liikuntasalissa. Jokaiselle opistolaiselle ja henkil\u00f6kunnan j\u00e4senelle tehtiin kartongista nimell\u00e4 varustettu syd\u00e4n, joka teipattiin liikuntasalin sein\u00e4\u00e4n. Syd\u00e4miin toiset opistolaiset saivat k\u00e4yd\u00e4 kirjoittamassa jotain positiivista.<\/p>\n<p style=\"text-align:justify\"><a href=\"http:\/\/rkropisto.files.wordpress.com\/2011\/02\/p2192201.jpg\"><img loading=\"lazy\" decoding=\"async\" class=\"alignnone size-medium wp-image-346\" title=\"Yst\u00e4v\u00e4np\u00e4iv\u00e4ohjelmaa\" src=\"http:\/\/rkropisto.fi.upcloud.rkropisto.fi\/wp-content\/uploads\/2022\/01\/p2192201.jpg\" alt=\"\" width=\"300\" height=\"225\" \/><\/a><a href=\"http:\/\/rkropisto.files.wordpress.com\/2011\/02\/viikko7-219.jpg\"> <\/a><\/p>\n<p style=\"text-align:justify\">Sunnuntaina saimme vieraita J\u00e4ms\u00e4n opistolta. Meill\u00e4 oli yhteist\u00e4 ohjelmaa ja saimme hyv\u00e4n mahdollisuuden tutustua J\u00e4ms\u00e4n opistolaisiin. Pelasimmekin heid\u00e4n kanssaan yst\u00e4vyysotteluita s\u00e4hlyss\u00e4 ja lentopallossa. Kaikki pelit p\u00e4\u00e4ttyiv\u00e4t kotivoitoiksi. Reisk\u00e4n tyt\u00f6t voittivat J\u00e4ms\u00e4n tyt\u00f6t s\u00e4hlyss\u00e4 lukemin 15-0. Lentopallossa pelasivat tyt\u00f6t ja pojat ja peli p\u00e4\u00e4ttyi kotivoitoksi lukemin 2-1. Reiskan pojat voittivat J\u00e4ms\u00e4n pojat s\u00e4hlyss\u00e4 lukemin 8-2.<\/p>\n<p style=\"text-align:justify\"><a href=\"http:\/\/rkropisto.files.wordpress.com\/2011\/02\/viikko7-219.jpg\"> <img loading=\"lazy\" decoding=\"async\" title=\"Vihre\u00e4n T\u00e4hk\u00e4n tarkastaminen ennen kopiointia.\" src=\"http:\/\/rkropisto.fi.upcloud.rkropisto.fi\/wp-content\/uploads\/2022\/01\/viikko7-219.jpg\" alt=\"\" width=\"300\" height=\"225\" \/><\/a><\/p>\n<p style=\"text-align:justify\">Torstaina ilmestyi kioskiin myyntiin kev\u00e4tlukukauden ensimm\u00e4inen toimittajakurssin julkaisema Vihre\u00e4 T\u00e4hk\u00e4. Torstai-illan p\u00e4\u00e4tteeksi ryhm\u00e4 opistolaisia oli j\u00e4rjest\u00e4nyt hauskan ohjelmaillan ja se toimi todella mukavana yhteisen\u00e4 iltana ennen talvilomalle l\u00e4ht\u00f6\u00e4.<\/p>\n<p style=\"text-align:justify\">Ja nyt p\u00e4\u00e4semme hyvin ansaitulle kahden viikon hiihtolomalle!<\/p>\n<p style=\"text-align:justify\">Kristiina ja Henri<\/p>\n","protected":false},"excerpt":{"rendered":"<p>T\u00e4m\u00e4 viikko opistossa on sujunut samaan malliin kuten edelliset eli yhteishenki on hyv\u00e4 ja porukkaa viihtyy! Reisj\u00e4rven raamattuluokkalaiset olivat perjantaista lauantaihin tutustumisreissulla opistolla. Kieliopintojenlinja j\u00e4rjesti perjantai-iltana viihdytt\u00e4v\u00e4n ja monipuolisen ohjelmaillan. Illan j\u00e4lkeen raamattuluokkalaiset p\u00e4\u00e4siv\u00e4t nukkumaan p\u00e4\u00e4rakennuksen luokissa. Lauantaina oli teemap\u00e4iv\u00e4n aiheena fyysinen hyvinvointi. P\u00e4iv\u00e4n p\u00e4\u00e4tteeksi oli opiston oman v\u00e4en yst\u00e4v\u00e4np\u00e4iv\u00e4tapahtuma, jolloin leikimme yhdess\u00e4 erilaisia leikkej\u00e4 [&hellip;]<\/p>\n","protected":false},"featured_media":9928,"template":"","class_list":["post-1630","blogi","type-blogi","status-publish","has-post-thumbnail","hentry"],"_links":{"self":[{"href":"https:\/\/www.rkropisto.fi\/en\/wp-json\/wp\/v2\/blogi\/1630","targetHints":{"allow":["GET"]}}],"collection":[{"href":"https:\/\/www.rkropisto.fi\/en\/wp-json\/wp\/v2\/blogi"}],"about":[{"href":"https:\/\/www.rkropisto.fi\/en\/wp-json\/wp\/v2\/types\/blogi"}],"wp:featuredmedia":[{"embeddable":true,"href":"https:\/\/www.rkropisto.fi\/en\/wp-json\/wp\/v2\/media\/9928"}],"wp:attachment":[{"href":"https:\/\/www.rkropisto.fi\/en\/wp-json\/wp\/v2\/media?parent=1630"}],"curies":[{"name":"wp","href":"https:\/\/api.w.org\/{rel}","templated":true}]}}