{"id":11960,"date":"2023-11-27T18:52:19","date_gmt":"2023-11-27T16:52:19","guid":{"rendered":"https:\/\/www.rkropisto.fi\/?post_type=blogi&#038;p=11960"},"modified":"2023-11-27T18:52:20","modified_gmt":"2023-11-27T16:52:20","slug":"viikot-46-ja-47-juhlakausi-avattu","status":"publish","type":"blogi","link":"https:\/\/www.rkropisto.fi\/en\/blogi\/viikot-46-ja-47-juhlakausi-avattu\/","title":{"rendered":"Viikot 46 ja 47: Juhlakausi avattu"},"content":{"rendered":"\n<p>Maanantai-iltana palasimme opistolle mukavissa tunnelmissa. Tiistaina opiskeltiin normaalisti, ja illalla pidettiin joululauluilta, jossa oli erilaisia musiikkiesityksi\u00e4. My\u00f6s Joulupukki vieraili R\u00e4is\u00e4l\u00e4nm\u00e4ell\u00e4. Keskiviikkona oli pukeutumisteemap\u00e4iv\u00e4, jossa aiheena oli harrastukset. Jokainen opiskelija pukeutui siis oman harrastuksensa mukaisesti. Torstai ja perjantai kuluivat normaalisti opiskeluiden \u00e4\u00e4rell\u00e4.\u00a0<\/p>\n\n\n\n<p>Lauantaina vietimme kauan odotettua armeijap\u00e4iv\u00e4\u00e4, jota tuli vet\u00e4m\u00e4\u00e4n kahdeksan varusmiespalveluksensa suorittanutta opiston entist\u00e4 opiskelijaa. P\u00e4iv\u00e4 alkoi varhain aamulla, ja p\u00e4\u00e4ttyi illalla kahdeksan aikoihin. Kaikki opiskelijat l\u00e4htiv\u00e4t t\u00e4ysill\u00e4 mukaan p\u00e4iv\u00e4\u00e4n. P\u00e4iv\u00e4 oli ikimuistoinen.<\/p>\n\n\n\n<figure class=\"wp-block-image size-large\"><img loading=\"lazy\" decoding=\"async\" width=\"1110\" height=\"833\" src=\"http:\/\/rkropisto.fi.upcloud.rkropisto.fi\/wp-content\/uploads\/2023\/11\/IMG_20231119_113803-1110x833.jpg\" alt=\"\" class=\"wp-image-11961\" srcset=\"https:\/\/www.rkropisto.fi\/wp-content\/uploads\/2023\/11\/IMG_20231119_113803-1110x833.jpg 1110w, https:\/\/www.rkropisto.fi\/wp-content\/uploads\/2023\/11\/IMG_20231119_113803-300x225.jpg 300w, https:\/\/www.rkropisto.fi\/wp-content\/uploads\/2023\/11\/IMG_20231119_113803-768x576.jpg 768w, https:\/\/www.rkropisto.fi\/wp-content\/uploads\/2023\/11\/IMG_20231119_113803-1536x1152.jpg 1536w, https:\/\/www.rkropisto.fi\/wp-content\/uploads\/2023\/11\/IMG_20231119_113803-16x12.jpg 16w, https:\/\/www.rkropisto.fi\/wp-content\/uploads\/2023\/11\/IMG_20231119_113803.jpg 2000w\" sizes=\"auto, (max-width: 1110px) 100vw, 1110px\" \/><\/figure>\n\n\n\n<p>Sunnuntaina vietettiin Thanksgiving- p\u00e4iv\u00e4\u00e4, jonka j\u00e4rjestiv\u00e4t Pohjois-Amerikkalaiset opiskelijat. P\u00e4iv\u00e4ll\u00e4 saimme kuulla Thanksgiving- p\u00e4iv\u00e4n historiasta, ja iltap\u00e4iv\u00e4ll\u00e4 meill\u00e4 oli juhlallinen ohjelmallinen ruokailu.<\/p>\n\n\n\n<p>Maanantai ja tiistai sujuvat taas opiskelujen merkeiss\u00e4, sosiaali- ja terveysalan linjan opiskelijat j\u00e4rjestiv\u00e4t p\u00e4iv\u00e4kerhon Reisj\u00e4rven rauhanyhdistyksen p\u00e4iv\u00e4kerholaisille. Luonto- ja er\u00e4taitojen linjalaiset y\u00f6pyiv\u00e4t opiston l\u00e4himaastossa harjoitellen majoitteen rakentamista.\u00a0 Keskiviikkoiltana pidettiin keskusteluilta aiheesta Musiikki. Torstaina opistolla vietettiin varttuneiden jouluruokailua ja joulujuhlaa, johon tuli l\u00e4hialueilta vieraita. Opistolaiset osallistuivat ruuan tarjoilemiseen ja ohjelman ja tapahtuman j\u00e4rjet\u00e4miseen monella eri tavoin. Torstaina illalla grillilautakunta j\u00e4rjesti kokkauskilpailun k\u00e4mpitt\u00e4in. Perjantaiaamuna l\u00e4hdimme viikonloppulomalle viimeist\u00e4 kertaa t\u00e4lle syksylle.<\/p>\n\n\n\n<p>&#8211; Milja ja Eemeli, Anni ja Aukusti<\/p>\n","protected":false},"excerpt":{"rendered":"<p>Tapahtumarikas opintojakso sis\u00e4lsi monia juhlallisia hetki\u00e4. Thanksgiving-juhla, varttuneiden jouluruokailu ja armeijap\u00e4iv\u00e4n opistovala j\u00e4iv\u00e4t mieleen mukavina muistoina.<\/p>\n","protected":false},"featured_media":11961,"template":"","class_list":["post-11960","blogi","type-blogi","status-publish","has-post-thumbnail","hentry"],"_links":{"self":[{"href":"https:\/\/www.rkropisto.fi\/en\/wp-json\/wp\/v2\/blogi\/11960","targetHints":{"allow":["GET"]}}],"collection":[{"href":"https:\/\/www.rkropisto.fi\/en\/wp-json\/wp\/v2\/blogi"}],"about":[{"href":"https:\/\/www.rkropisto.fi\/en\/wp-json\/wp\/v2\/types\/blogi"}],"wp:featuredmedia":[{"embeddable":true,"href":"https:\/\/www.rkropisto.fi\/en\/wp-json\/wp\/v2\/media\/11961"}],"wp:attachment":[{"href":"https:\/\/www.rkropisto.fi\/en\/wp-json\/wp\/v2\/media?parent=11960"}],"curies":[{"name":"wp","href":"https:\/\/api.w.org\/{rel}","templated":true}]}}