{"id":11879,"date":"2023-10-12T21:12:06","date_gmt":"2023-10-12T18:12:06","guid":{"rendered":"https:\/\/www.rkropisto.fi\/?post_type=blogi&#038;p=11879"},"modified":"2023-10-12T21:12:07","modified_gmt":"2023-10-12T18:12:07","slug":"viikot-40-ja-41-keskusteluilta-teemapaivia-ja-opistoesittely","status":"publish","type":"blogi","link":"https:\/\/www.rkropisto.fi\/en\/blogi\/viikot-40-ja-41-keskusteluilta-teemapaivia-ja-opistoesittely\/","title":{"rendered":"Viikot 40 ja 41: Keskusteluilta, teemap\u00e4ivi\u00e4 ja opistoesittely."},"content":{"rendered":"\n<p>Maanantai-iltana palasimme takaisin opistolle. Meill\u00e4 oli opistotunti, jossa saimme tietoa tulevasta periodista. Tiistaina jatkuivat opiskelut, ja illasta grillilautakunta j\u00e4rjesti ensimm\u00e4isen grilli-illan, joka ilahdutti suuresti opistolaisia. Keskiviikkona meill\u00e4 oli ensimm\u00e4inen keskusteluilta, jonka aiheena oli &#8221;opistokodin ihmissuhteet&#8221;. Torstaina viihtyvyyslautakunta j\u00e4rjesti todella suositun k\u00e4mppien v\u00e4lisen majanrakennuskilpailun, jossa kaikki k\u00e4mp\u00e4t olivat t\u00e4ysill\u00e4 mukana.<\/p>\n\n\n\n<p>Perjantaina isoskoulutus taas j\u00e4rjesti Reisj\u00e4rven nuorille nuorten perjantain. Perjantai-illan lopuksi saimme hiljenty\u00e4 yl\u00e4aulassa yhteiseen iltahetkeen. Viikonlopun aikana saimme nauttia opistolle saapuneista y\u00f6kyl\u00e4vieraista. Vieraatkin osallistuvat opiston teemap\u00e4iviin.&nbsp;<\/p>\n\n\n\n<p>Teemap\u00e4ivien aiheina olivat oppimistaidot ja ulkomaalaisena opistossa. Oppimistaitojen teemap\u00e4iv\u00e4ss\u00e4 saimme kokea millaista on opiskella erilaisissa oppimisymp\u00e4rist\u00f6iss\u00e4. Lauantaina kamarikuorolaisten lis\u00e4ksi pieni joukko muitakin opistolaisia k\u00e4viv\u00e4t Kuopiossa opistoesittelyss\u00e4. Lauantaina opistolla satoi my\u00f6s ensilumi ja opistolaiset saivat ensikosketuksen talven tulosta. Ulkomaalaisena opistossa-teemap\u00e4iv\u00e4n\u00e4 kuulimme ulkomaalaisten esittelyt omista paikkakunnistaan. Lauloimme eri kielisi\u00e4 lauluja ja kilpailimme kansainv\u00e4lisyyslautakunnan j\u00e4rjest\u00e4m\u00e4ss\u00e4 ryhm\u00e4kilpailussa.<\/p>\n\n\n\n<p>T\u00e4ll\u00e4 viikolla on ollut normaalia opiskeluarkea, ja iltaisin vapaa-aikana on pelattu lentopalloa ja muita pelej\u00e4 sek\u00e4 vietetty aikaa toistemme kanssa. Keskiviikkona vapaa-ajan lautakunta j\u00e4rjesti status-teemap\u00e4iv\u00e4n, jossa pukeuduttiin statuksen mukaan. Kohta p\u00e4\u00e4semme viett\u00e4m\u00e4\u00e4n syyslomaa ja oppimaan TOP-jaksolle. <\/p>\n\n\n\n<div class=\"wp-block-columns is-layout-flex wp-container-core-columns-is-layout-9d6595d7 wp-block-columns-is-layout-flex\">\n<div class=\"wp-block-column is-layout-flow wp-block-column-is-layout-flow\">\n<figure class=\"wp-block-image size-large\"><img loading=\"lazy\" decoding=\"async\" width=\"1110\" height=\"833\" src=\"http:\/\/rkropisto.fi.upcloud.rkropisto.fi\/wp-content\/uploads\/2023\/10\/Opistoblogi-1-1-1110x833.jpg\" alt=\"\" class=\"wp-image-11894\" srcset=\"https:\/\/www.rkropisto.fi\/wp-content\/uploads\/2023\/10\/Opistoblogi-1-1-1110x833.jpg 1110w, https:\/\/www.rkropisto.fi\/wp-content\/uploads\/2023\/10\/Opistoblogi-1-1-300x225.jpg 300w, https:\/\/www.rkropisto.fi\/wp-content\/uploads\/2023\/10\/Opistoblogi-1-1-768x576.jpg 768w, https:\/\/www.rkropisto.fi\/wp-content\/uploads\/2023\/10\/Opistoblogi-1-1-1536x1152.jpg 1536w, https:\/\/www.rkropisto.fi\/wp-content\/uploads\/2023\/10\/Opistoblogi-1-1-16x12.jpg 16w, https:\/\/www.rkropisto.fi\/wp-content\/uploads\/2023\/10\/Opistoblogi-1-1.jpg 1600w\" sizes=\"auto, (max-width: 1110px) 100vw, 1110px\" \/><\/figure>\n<\/div>\n\n\n\n<div class=\"wp-block-column is-layout-flow wp-block-column-is-layout-flow\">\n<figure class=\"wp-block-image size-large\"><img loading=\"lazy\" decoding=\"async\" width=\"1110\" height=\"833\" src=\"http:\/\/rkropisto.fi.upcloud.rkropisto.fi\/wp-content\/uploads\/2023\/10\/Opistoblogi-3-1110x833.jpg\" alt=\"\" class=\"wp-image-11895\" srcset=\"https:\/\/www.rkropisto.fi\/wp-content\/uploads\/2023\/10\/Opistoblogi-3-1110x833.jpg 1110w, https:\/\/www.rkropisto.fi\/wp-content\/uploads\/2023\/10\/Opistoblogi-3-300x225.jpg 300w, https:\/\/www.rkropisto.fi\/wp-content\/uploads\/2023\/10\/Opistoblogi-3-768x576.jpg 768w, https:\/\/www.rkropisto.fi\/wp-content\/uploads\/2023\/10\/Opistoblogi-3-1536x1152.jpg 1536w, https:\/\/www.rkropisto.fi\/wp-content\/uploads\/2023\/10\/Opistoblogi-3-16x12.jpg 16w, https:\/\/www.rkropisto.fi\/wp-content\/uploads\/2023\/10\/Opistoblogi-3.jpg 2000w\" sizes=\"auto, (max-width: 1110px) 100vw, 1110px\" \/><\/figure>\n<\/div>\n<\/div>\n\n\n\n<p>-Rebecka ja Into sek\u00e4 Aava ja Martti&nbsp;&nbsp;<\/p>\n","protected":false},"excerpt":{"rendered":"<p>Syyslomaa edelt\u00e4v\u00e4ll\u00e4 periodilla nautittiin yhteisest\u00e4 ajasta ja yhteisen\u00e4 tekemisen\u00e4 oli mm. majanrakennus ja nuorten perjantai. Teemap\u00e4ivien aiheina olivat oppimistaidot sek\u00e4 ulkomaalaisena opistossa. Osa opistolaisista p\u00e4\u00e4si Kuopioon opistoesittelyyn.<\/p>\n","protected":false},"featured_media":11893,"template":"","class_list":["post-11879","blogi","type-blogi","status-publish","has-post-thumbnail","hentry"],"_links":{"self":[{"href":"https:\/\/www.rkropisto.fi\/en\/wp-json\/wp\/v2\/blogi\/11879","targetHints":{"allow":["GET"]}}],"collection":[{"href":"https:\/\/www.rkropisto.fi\/en\/wp-json\/wp\/v2\/blogi"}],"about":[{"href":"https:\/\/www.rkropisto.fi\/en\/wp-json\/wp\/v2\/types\/blogi"}],"wp:featuredmedia":[{"embeddable":true,"href":"https:\/\/www.rkropisto.fi\/en\/wp-json\/wp\/v2\/media\/11893"}],"wp:attachment":[{"href":"https:\/\/www.rkropisto.fi\/en\/wp-json\/wp\/v2\/media?parent=11879"}],"curies":[{"name":"wp","href":"https:\/\/api.w.org\/{rel}","templated":true}]}}